{"id":23015,"date":"2019-10-18T18:03:03","date_gmt":"2019-10-18T18:03:03","guid":{"rendered":"https:\/\/www.thomasandhutton.com\/2019\/10\/18\/brett-lundy-nombrado-directivo-de-habitat-para-la-humanidad\/"},"modified":"2019-10-18T18:03:03","modified_gmt":"2019-10-18T18:03:03","slug":"brett-lundy-nombrado-directivo-de-habitat-para-la-humanidad","status":"publish","type":"post","link":"https:\/\/www.thomasandhutton.com\/es\/2019\/10\/18\/brett-lundy-nombrado-directivo-de-habitat-para-la-humanidad\/","title":{"rendered":"Brett Lundy nombrado directivo de H\u00e1bitat para la Humanidad"},"content":{"rendered":"<p>Felicitaciones a Brett Lundy, Gerente de Construcci\u00f3n en nuestra oficina de Savannah que recientemente fue reelegido como Oficial de la Junta de Coastal Empire Habitat for Humanity. Haga clic aqu\u00ed para leer m\u00e1s sobre la reciente elecci\u00f3n de su junta directiva en <a href=\"https:\/\/www.savannahnow.com\/business\/20191014\/newsmakers-habitat-for-humanity-elects-new-board-members\" target=\"_blank\" rel=\"noopener noreferrer\">la secci\u00f3n Newsmakers de Savannah<\/a> Now. <a href=\"https:\/\/www.savannahnow.com\/business\/20191014\/newsmakers-habitat-for-humanity-elects-new-board-members\" target=\"_blank\" rel=\"noopener noreferrer\"><\/a><\/p>\n<p><img loading=\"lazy\" decoding=\"async\" class=\"size-large wp-image-6285 aligncenter\" src=\"https:\/\/www.thomasandhutton.com\/wp-content\/uploads\/2019\/10\/Brett-Lundy_Habitat-1024x1024.png\" alt=\"\" width=\"1024\" height=\"1024\" srcset=\"https:\/\/www.thomasandhutton.com\/wp-content\/uploads\/2019\/10\/Brett-Lundy_Habitat-1024x1024.png 1024w, https:\/\/www.thomasandhutton.com\/wp-content\/uploads\/2019\/10\/Brett-Lundy_Habitat-150x150.png 150w, https:\/\/www.thomasandhutton.com\/wp-content\/uploads\/2019\/10\/Brett-Lundy_Habitat-300x300.png 300w, https:\/\/www.thomasandhutton.com\/wp-content\/uploads\/2019\/10\/Brett-Lundy_Habitat-768x768.png 768w, https:\/\/www.thomasandhutton.com\/wp-content\/uploads\/2019\/10\/Brett-Lundy_Habitat-570x570.png 570w, https:\/\/www.thomasandhutton.com\/wp-content\/uploads\/2019\/10\/Brett-Lundy_Habitat-500x500.png 500w, https:\/\/www.thomasandhutton.com\/wp-content\/uploads\/2019\/10\/Brett-Lundy_Habitat-1000x1000.png 1000w, https:\/\/www.thomasandhutton.com\/wp-content\/uploads\/2019\/10\/Brett-Lundy_Habitat-700x700.png 700w, https:\/\/www.thomasandhutton.com\/wp-content\/uploads\/2019\/10\/Brett-Lundy_Habitat.png 1080w\" sizes=\"auto, (max-width: 1024px) 100vw, 1024px\" \/><\/p>\n","protected":false},"excerpt":{"rendered":"<p>Felicitaciones a Brett Lundy, Gerente de Construcci\u00f3n en nuestra oficina de Savannah que recientemente fue reelegido como Oficial de la Junta de Coastal Empire Habitat for Humanity. Haga clic aqu\u00ed para leer m\u00e1s sobre la reciente elecci\u00f3n de su junta directiva en la secci\u00f3n Newsmakers<\/p>\n","protected":false},"author":8,"featured_media":0,"comment_status":"closed","ping_status":"closed","sticky":false,"template":"","format":"standard","meta":{"content-type":"","footnotes":""},"categories":[62],"tags":[],"class_list":["post-23015","post","type-post","status-publish","format-standard","hentry","category-noticias"],"yoast_head":"<!-- This site is optimized with the Yoast SEO plugin v27.5 - https:\/\/yoast.com\/product\/yoast-seo-wordpress\/ -->\n<title>Brett Lundy nombrado directivo de H\u00e1bitat para la Humanidad - Thomas &amp; Hutton<\/title>\n<meta name=\"robots\" content=\"index, follow, max-snippet:-1, max-image-preview:large, max-video-preview:-1\" \/>\n<link rel=\"canonical\" href=\"https:\/\/www.thomasandhutton.com\/es\/2019\/10\/18\/brett-lundy-nombrado-directivo-de-habitat-para-la-humanidad\/\" \/>\n<meta property=\"og:locale\" content=\"es_ES\" \/>\n<meta property=\"og:type\" content=\"article\" \/>\n<meta property=\"og:title\" content=\"Brett Lundy nombrado directivo de H\u00e1bitat para la Humanidad - Thomas &amp; Hutton\" \/>\n<meta property=\"og:description\" content=\"Felicitaciones a Brett Lundy, Gerente de Construcci\u00f3n en nuestra oficina de Savannah que recientemente fue reelegido como Oficial de la Junta de Coastal Empire Habitat for Humanity. Haga clic aqu\u00ed para leer m\u00e1s sobre la reciente elecci\u00f3n de su junta directiva en la secci\u00f3n Newsmakers\" \/>\n<meta property=\"og:url\" content=\"https:\/\/www.thomasandhutton.com\/es\/2019\/10\/18\/brett-lundy-nombrado-directivo-de-habitat-para-la-humanidad\/\" \/>\n<meta property=\"og:site_name\" content=\"Thomas &amp; Hutton\" \/>\n<meta property=\"article:publisher\" content=\"https:\/\/www.facebook.com\/THengineers\/\" \/>\n<meta property=\"article:published_time\" content=\"2019-10-18T18:03:03+00:00\" \/>\n<meta property=\"og:image\" content=\"https:\/\/www.thomasandhutton.com\/wp-content\/uploads\/2019\/10\/Brett-Lundy_Habitat-1024x1024.png\" \/>\n<meta name=\"author\" content=\"Chelsey Falb\" \/>\n<meta name=\"twitter:card\" content=\"summary_large_image\" \/>\n<meta name=\"twitter:creator\" content=\"@thomasandhutton\" \/>\n<meta name=\"twitter:site\" content=\"@thomasandhutton\" \/>\n<meta name=\"twitter:label1\" content=\"Escrito por\" \/>\n\t<meta name=\"twitter:data1\" content=\"Chelsey Falb\" \/>\n<script type=\"application\/ld+json\" class=\"yoast-schema-graph\">{\"@context\":\"https:\\\/\\\/schema.org\",\"@graph\":[{\"@type\":\"Article\",\"@id\":\"https:\\\/\\\/www.thomasandhutton.com\\\/es\\\/2019\\\/10\\\/18\\\/brett-lundy-nombrado-directivo-de-habitat-para-la-humanidad\\\/#article\",\"isPartOf\":{\"@id\":\"https:\\\/\\\/www.thomasandhutton.com\\\/es\\\/2019\\\/10\\\/18\\\/brett-lundy-nombrado-directivo-de-habitat-para-la-humanidad\\\/\"},\"author\":{\"name\":\"Chelsey Falb\",\"@id\":\"https:\\\/\\\/www.thomasandhutton.com\\\/es\\\/#\\\/schema\\\/person\\\/0c064d966ca44fa0bf2eaf1c52b6c832\"},\"headline\":\"Brett Lundy nombrado directivo de H\u00e1bitat para la Humanidad\",\"datePublished\":\"2019-10-18T18:03:03+00:00\",\"mainEntityOfPage\":{\"@id\":\"https:\\\/\\\/www.thomasandhutton.com\\\/es\\\/2019\\\/10\\\/18\\\/brett-lundy-nombrado-directivo-de-habitat-para-la-humanidad\\\/\"},\"wordCount\":62,\"publisher\":{\"@id\":\"https:\\\/\\\/www.thomasandhutton.com\\\/es\\\/#organization\"},\"image\":{\"@id\":\"https:\\\/\\\/www.thomasandhutton.com\\\/es\\\/2019\\\/10\\\/18\\\/brett-lundy-nombrado-directivo-de-habitat-para-la-humanidad\\\/#primaryimage\"},\"thumbnailUrl\":\"https:\\\/\\\/www.thomasandhutton.com\\\/wp-content\\\/uploads\\\/2019\\\/10\\\/Brett-Lundy_Habitat-1024x1024.png\",\"articleSection\":[\"Noticias\"],\"inLanguage\":\"es\"},{\"@type\":\"WebPage\",\"@id\":\"https:\\\/\\\/www.thomasandhutton.com\\\/es\\\/2019\\\/10\\\/18\\\/brett-lundy-nombrado-directivo-de-habitat-para-la-humanidad\\\/\",\"url\":\"https:\\\/\\\/www.thomasandhutton.com\\\/es\\\/2019\\\/10\\\/18\\\/brett-lundy-nombrado-directivo-de-habitat-para-la-humanidad\\\/\",\"name\":\"Brett Lundy nombrado directivo de H\u00e1bitat para la Humanidad - Thomas &amp; Hutton\",\"isPartOf\":{\"@id\":\"https:\\\/\\\/www.thomasandhutton.com\\\/es\\\/#website\"},\"primaryImageOfPage\":{\"@id\":\"https:\\\/\\\/www.thomasandhutton.com\\\/es\\\/2019\\\/10\\\/18\\\/brett-lundy-nombrado-directivo-de-habitat-para-la-humanidad\\\/#primaryimage\"},\"image\":{\"@id\":\"https:\\\/\\\/www.thomasandhutton.com\\\/es\\\/2019\\\/10\\\/18\\\/brett-lundy-nombrado-directivo-de-habitat-para-la-humanidad\\\/#primaryimage\"},\"thumbnailUrl\":\"https:\\\/\\\/www.thomasandhutton.com\\\/wp-content\\\/uploads\\\/2019\\\/10\\\/Brett-Lundy_Habitat-1024x1024.png\",\"datePublished\":\"2019-10-18T18:03:03+00:00\",\"breadcrumb\":{\"@id\":\"https:\\\/\\\/www.thomasandhutton.com\\\/es\\\/2019\\\/10\\\/18\\\/brett-lundy-nombrado-directivo-de-habitat-para-la-humanidad\\\/#breadcrumb\"},\"inLanguage\":\"es\",\"potentialAction\":[{\"@type\":\"ReadAction\",\"target\":[\"https:\\\/\\\/www.thomasandhutton.com\\\/es\\\/2019\\\/10\\\/18\\\/brett-lundy-nombrado-directivo-de-habitat-para-la-humanidad\\\/\"]}]},{\"@type\":\"ImageObject\",\"inLanguage\":\"es\",\"@id\":\"https:\\\/\\\/www.thomasandhutton.com\\\/es\\\/2019\\\/10\\\/18\\\/brett-lundy-nombrado-directivo-de-habitat-para-la-humanidad\\\/#primaryimage\",\"url\":\"https:\\\/\\\/www.thomasandhutton.com\\\/wp-content\\\/uploads\\\/2019\\\/10\\\/Brett-Lundy_Habitat-1024x1024.png\",\"contentUrl\":\"https:\\\/\\\/www.thomasandhutton.com\\\/wp-content\\\/uploads\\\/2019\\\/10\\\/Brett-Lundy_Habitat-1024x1024.png\"},{\"@type\":\"BreadcrumbList\",\"@id\":\"https:\\\/\\\/www.thomasandhutton.com\\\/es\\\/2019\\\/10\\\/18\\\/brett-lundy-nombrado-directivo-de-habitat-para-la-humanidad\\\/#breadcrumb\",\"itemListElement\":[{\"@type\":\"ListItem\",\"position\":1,\"name\":\"Home\",\"item\":\"https:\\\/\\\/www.thomasandhutton.com\\\/es\\\/inicio\\\/\"},{\"@type\":\"ListItem\",\"position\":2,\"name\":\"Brett Lundy nombrado directivo de H\u00e1bitat para la Humanidad\"}]},{\"@type\":\"WebSite\",\"@id\":\"https:\\\/\\\/www.thomasandhutton.com\\\/es\\\/#website\",\"url\":\"https:\\\/\\\/www.thomasandhutton.com\\\/es\\\/\",\"name\":\"Thomas & Hutton\",\"description\":\"Engineering | Surveying | Landscape Architecture | GIS | Consulting\",\"publisher\":{\"@id\":\"https:\\\/\\\/www.thomasandhutton.com\\\/es\\\/#organization\"},\"potentialAction\":[{\"@type\":\"SearchAction\",\"target\":{\"@type\":\"EntryPoint\",\"urlTemplate\":\"https:\\\/\\\/www.thomasandhutton.com\\\/es\\\/?s={search_term_string}\"},\"query-input\":{\"@type\":\"PropertyValueSpecification\",\"valueRequired\":true,\"valueName\":\"search_term_string\"}}],\"inLanguage\":\"es\"},{\"@type\":\"Organization\",\"@id\":\"https:\\\/\\\/www.thomasandhutton.com\\\/es\\\/#organization\",\"name\":\"Thomas & Hutton\",\"url\":\"https:\\\/\\\/www.thomasandhutton.com\\\/es\\\/\",\"logo\":{\"@type\":\"ImageObject\",\"inLanguage\":\"es\",\"@id\":\"https:\\\/\\\/www.thomasandhutton.com\\\/es\\\/#\\\/schema\\\/logo\\\/image\\\/\",\"url\":\"https:\\\/\\\/www.thomasandhutton.com\\\/wp-content\\\/uploads\\\/2018\\\/06\\\/TH_LOGO__2.png\",\"contentUrl\":\"https:\\\/\\\/www.thomasandhutton.com\\\/wp-content\\\/uploads\\\/2018\\\/06\\\/TH_LOGO__2.png\",\"width\":141,\"height\":46,\"caption\":\"Thomas & Hutton\"},\"image\":{\"@id\":\"https:\\\/\\\/www.thomasandhutton.com\\\/es\\\/#\\\/schema\\\/logo\\\/image\\\/\"},\"sameAs\":[\"https:\\\/\\\/www.facebook.com\\\/THengineers\\\/\",\"https:\\\/\\\/x.com\\\/thomasandhutton\",\"https:\\\/\\\/www.instagram.com\\\/ThomasandHutton\\\/\",\"https:\\\/\\\/www.linkedin.com\\\/company\\\/thomas-&amp;amp;-hutton-engineering-co.\",\"https:\\\/\\\/www.youtube.com\\\/user\\\/ThomasandHutton\"]},{\"@type\":\"Person\",\"@id\":\"https:\\\/\\\/www.thomasandhutton.com\\\/es\\\/#\\\/schema\\\/person\\\/0c064d966ca44fa0bf2eaf1c52b6c832\",\"name\":\"Chelsey Falb\"}]}<\/script>\n<!-- \/ Yoast SEO plugin. -->","yoast_head_json":{"title":"Brett Lundy nombrado directivo de H\u00e1bitat para la Humanidad - Thomas &amp; Hutton","robots":{"index":"index","follow":"follow","max-snippet":"max-snippet:-1","max-image-preview":"max-image-preview:large","max-video-preview":"max-video-preview:-1"},"canonical":"https:\/\/www.thomasandhutton.com\/es\/2019\/10\/18\/brett-lundy-nombrado-directivo-de-habitat-para-la-humanidad\/","og_locale":"es_ES","og_type":"article","og_title":"Brett Lundy nombrado directivo de H\u00e1bitat para la Humanidad - Thomas &amp; Hutton","og_description":"Felicitaciones a Brett Lundy, Gerente de Construcci\u00f3n en nuestra oficina de Savannah que recientemente fue reelegido como Oficial de la Junta de Coastal Empire Habitat for Humanity. Haga clic aqu\u00ed para leer m\u00e1s sobre la reciente elecci\u00f3n de su junta directiva en la secci\u00f3n Newsmakers","og_url":"https:\/\/www.thomasandhutton.com\/es\/2019\/10\/18\/brett-lundy-nombrado-directivo-de-habitat-para-la-humanidad\/","og_site_name":"Thomas &amp; Hutton","article_publisher":"https:\/\/www.facebook.com\/THengineers\/","article_published_time":"2019-10-18T18:03:03+00:00","og_image":[{"url":"https:\/\/www.thomasandhutton.com\/wp-content\/uploads\/2019\/10\/Brett-Lundy_Habitat-1024x1024.png","type":"","width":"","height":""}],"author":"Chelsey Falb","twitter_card":"summary_large_image","twitter_creator":"@thomasandhutton","twitter_site":"@thomasandhutton","twitter_misc":{"Escrito por":"Chelsey Falb"},"schema":{"@context":"https:\/\/schema.org","@graph":[{"@type":"Article","@id":"https:\/\/www.thomasandhutton.com\/es\/2019\/10\/18\/brett-lundy-nombrado-directivo-de-habitat-para-la-humanidad\/#article","isPartOf":{"@id":"https:\/\/www.thomasandhutton.com\/es\/2019\/10\/18\/brett-lundy-nombrado-directivo-de-habitat-para-la-humanidad\/"},"author":{"name":"Chelsey Falb","@id":"https:\/\/www.thomasandhutton.com\/es\/#\/schema\/person\/0c064d966ca44fa0bf2eaf1c52b6c832"},"headline":"Brett Lundy nombrado directivo de H\u00e1bitat para la Humanidad","datePublished":"2019-10-18T18:03:03+00:00","mainEntityOfPage":{"@id":"https:\/\/www.thomasandhutton.com\/es\/2019\/10\/18\/brett-lundy-nombrado-directivo-de-habitat-para-la-humanidad\/"},"wordCount":62,"publisher":{"@id":"https:\/\/www.thomasandhutton.com\/es\/#organization"},"image":{"@id":"https:\/\/www.thomasandhutton.com\/es\/2019\/10\/18\/brett-lundy-nombrado-directivo-de-habitat-para-la-humanidad\/#primaryimage"},"thumbnailUrl":"https:\/\/www.thomasandhutton.com\/wp-content\/uploads\/2019\/10\/Brett-Lundy_Habitat-1024x1024.png","articleSection":["Noticias"],"inLanguage":"es"},{"@type":"WebPage","@id":"https:\/\/www.thomasandhutton.com\/es\/2019\/10\/18\/brett-lundy-nombrado-directivo-de-habitat-para-la-humanidad\/","url":"https:\/\/www.thomasandhutton.com\/es\/2019\/10\/18\/brett-lundy-nombrado-directivo-de-habitat-para-la-humanidad\/","name":"Brett Lundy nombrado directivo de H\u00e1bitat para la Humanidad - Thomas &amp; Hutton","isPartOf":{"@id":"https:\/\/www.thomasandhutton.com\/es\/#website"},"primaryImageOfPage":{"@id":"https:\/\/www.thomasandhutton.com\/es\/2019\/10\/18\/brett-lundy-nombrado-directivo-de-habitat-para-la-humanidad\/#primaryimage"},"image":{"@id":"https:\/\/www.thomasandhutton.com\/es\/2019\/10\/18\/brett-lundy-nombrado-directivo-de-habitat-para-la-humanidad\/#primaryimage"},"thumbnailUrl":"https:\/\/www.thomasandhutton.com\/wp-content\/uploads\/2019\/10\/Brett-Lundy_Habitat-1024x1024.png","datePublished":"2019-10-18T18:03:03+00:00","breadcrumb":{"@id":"https:\/\/www.thomasandhutton.com\/es\/2019\/10\/18\/brett-lundy-nombrado-directivo-de-habitat-para-la-humanidad\/#breadcrumb"},"inLanguage":"es","potentialAction":[{"@type":"ReadAction","target":["https:\/\/www.thomasandhutton.com\/es\/2019\/10\/18\/brett-lundy-nombrado-directivo-de-habitat-para-la-humanidad\/"]}]},{"@type":"ImageObject","inLanguage":"es","@id":"https:\/\/www.thomasandhutton.com\/es\/2019\/10\/18\/brett-lundy-nombrado-directivo-de-habitat-para-la-humanidad\/#primaryimage","url":"https:\/\/www.thomasandhutton.com\/wp-content\/uploads\/2019\/10\/Brett-Lundy_Habitat-1024x1024.png","contentUrl":"https:\/\/www.thomasandhutton.com\/wp-content\/uploads\/2019\/10\/Brett-Lundy_Habitat-1024x1024.png"},{"@type":"BreadcrumbList","@id":"https:\/\/www.thomasandhutton.com\/es\/2019\/10\/18\/brett-lundy-nombrado-directivo-de-habitat-para-la-humanidad\/#breadcrumb","itemListElement":[{"@type":"ListItem","position":1,"name":"Home","item":"https:\/\/www.thomasandhutton.com\/es\/inicio\/"},{"@type":"ListItem","position":2,"name":"Brett Lundy nombrado directivo de H\u00e1bitat para la Humanidad"}]},{"@type":"WebSite","@id":"https:\/\/www.thomasandhutton.com\/es\/#website","url":"https:\/\/www.thomasandhutton.com\/es\/","name":"Thomas & Hutton","description":"Engineering | Surveying | Landscape Architecture | GIS | Consulting","publisher":{"@id":"https:\/\/www.thomasandhutton.com\/es\/#organization"},"potentialAction":[{"@type":"SearchAction","target":{"@type":"EntryPoint","urlTemplate":"https:\/\/www.thomasandhutton.com\/es\/?s={search_term_string}"},"query-input":{"@type":"PropertyValueSpecification","valueRequired":true,"valueName":"search_term_string"}}],"inLanguage":"es"},{"@type":"Organization","@id":"https:\/\/www.thomasandhutton.com\/es\/#organization","name":"Thomas & Hutton","url":"https:\/\/www.thomasandhutton.com\/es\/","logo":{"@type":"ImageObject","inLanguage":"es","@id":"https:\/\/www.thomasandhutton.com\/es\/#\/schema\/logo\/image\/","url":"https:\/\/www.thomasandhutton.com\/wp-content\/uploads\/2018\/06\/TH_LOGO__2.png","contentUrl":"https:\/\/www.thomasandhutton.com\/wp-content\/uploads\/2018\/06\/TH_LOGO__2.png","width":141,"height":46,"caption":"Thomas & Hutton"},"image":{"@id":"https:\/\/www.thomasandhutton.com\/es\/#\/schema\/logo\/image\/"},"sameAs":["https:\/\/www.facebook.com\/THengineers\/","https:\/\/x.com\/thomasandhutton","https:\/\/www.instagram.com\/ThomasandHutton\/","https:\/\/www.linkedin.com\/company\/thomas-&amp;amp;-hutton-engineering-co.","https:\/\/www.youtube.com\/user\/ThomasandHutton"]},{"@type":"Person","@id":"https:\/\/www.thomasandhutton.com\/es\/#\/schema\/person\/0c064d966ca44fa0bf2eaf1c52b6c832","name":"Chelsey Falb"}]}},"_links":{"self":[{"href":"https:\/\/www.thomasandhutton.com\/es\/wp-json\/wp\/v2\/posts\/23015","targetHints":{"allow":["GET"]}}],"collection":[{"href":"https:\/\/www.thomasandhutton.com\/es\/wp-json\/wp\/v2\/posts"}],"about":[{"href":"https:\/\/www.thomasandhutton.com\/es\/wp-json\/wp\/v2\/types\/post"}],"author":[{"embeddable":true,"href":"https:\/\/www.thomasandhutton.com\/es\/wp-json\/wp\/v2\/users\/8"}],"replies":[{"embeddable":true,"href":"https:\/\/www.thomasandhutton.com\/es\/wp-json\/wp\/v2\/comments?post=23015"}],"version-history":[{"count":0,"href":"https:\/\/www.thomasandhutton.com\/es\/wp-json\/wp\/v2\/posts\/23015\/revisions"}],"wp:attachment":[{"href":"https:\/\/www.thomasandhutton.com\/es\/wp-json\/wp\/v2\/media?parent=23015"}],"wp:term":[{"taxonomy":"category","embeddable":true,"href":"https:\/\/www.thomasandhutton.com\/es\/wp-json\/wp\/v2\/categories?post=23015"},{"taxonomy":"post_tag","embeddable":true,"href":"https:\/\/www.thomasandhutton.com\/es\/wp-json\/wp\/v2\/tags?post=23015"}],"curies":[{"name":"wp","href":"https:\/\/api.w.org\/{rel}","templated":true}]}}