{"id":24849,"date":"2022-07-13T18:11:06","date_gmt":"2022-07-13T18:11:06","guid":{"rendered":"https:\/\/www.thomasandhutton.com\/2022\/07\/13\/celebracion-de-la-jubilacion-de-darrell-richardson\/"},"modified":"2022-07-13T18:11:06","modified_gmt":"2022-07-13T18:11:06","slug":"celebracion-de-la-jubilacion-de-darrell-richardson","status":"publish","type":"post","link":"https:\/\/www.thomasandhutton.com\/es\/2022\/07\/13\/celebracion-de-la-jubilacion-de-darrell-richardson\/","title":{"rendered":"Celebraci\u00f3n de la jubilaci\u00f3n de Darrell Richardson"},"content":{"rendered":"<p>La oficina de Buford celebr\u00f3 la jubilaci\u00f3n de Darrell Richardson el 10\/06 con una cena y un concierto en uno de sus locales favoritos, 37 Main. Darrell lleva 7 a\u00f1os en la oficina de Buford de T&amp;H (antes DPE), tras jubilarse del Departamento de Transportes de Georgia. Le echaremos mucho de menos. Sin embargo, con su jubilaci\u00f3n, la oficina de Buford ha liberado un valioso espacio en el frigor\u00edfico. Darrell era conocido y querido por su estanter\u00eda de Coca-Cola en la nevera. La estanter\u00eda estaba incluso etiquetada para \u00e9l. Buena suerte a Darrell en su segunda jubilaci\u00f3n. Esperamos que disfrute de su vida lacustre.<\/p>\n<p><img loading=\"lazy\" decoding=\"async\" class=\"size-large wp-image-9402 aligncenter\" src=\"https:\/\/www.thomasandhutton.com\/wp-content\/uploads\/2022\/07\/Darrell-Richardson-1-1024x768.jpg\" alt=\"\" width=\"1024\" height=\"768\" srcset=\"https:\/\/www.thomasandhutton.com\/wp-content\/uploads\/2022\/07\/Darrell-Richardson-1-1024x768.jpg 1024w, https:\/\/www.thomasandhutton.com\/wp-content\/uploads\/2022\/07\/Darrell-Richardson-1-300x225.jpg 300w, https:\/\/www.thomasandhutton.com\/wp-content\/uploads\/2022\/07\/Darrell-Richardson-1-768x576.jpg 768w, https:\/\/www.thomasandhutton.com\/wp-content\/uploads\/2022\/07\/Darrell-Richardson-1-1536x1152.jpg 1536w, https:\/\/www.thomasandhutton.com\/wp-content\/uploads\/2022\/07\/Darrell-Richardson-1-2048x1536.jpg 2048w, https:\/\/www.thomasandhutton.com\/wp-content\/uploads\/2022\/07\/Darrell-Richardson-1-800x600.jpg 800w, https:\/\/www.thomasandhutton.com\/wp-content\/uploads\/2022\/07\/Darrell-Richardson-1-700x525.jpg 700w\" sizes=\"auto, (max-width: 1024px) 100vw, 1024px\" \/><\/p>\n","protected":false},"excerpt":{"rendered":"<p>La oficina de Buford celebr\u00f3 la jubilaci\u00f3n de Darrell Richardson el 10\/06 con una cena y un concierto en uno de sus locales favoritos, 37 Main. Darrell lleva 7 a\u00f1os en la oficina de Buford de T&amp;H (antes DPE), tras jubilarse del Departamento de Transportes<\/p>\n","protected":false},"author":8,"featured_media":0,"comment_status":"closed","ping_status":"closed","sticky":false,"template":"","format":"standard","meta":{"content-type":"","footnotes":""},"categories":[62],"tags":[],"class_list":["post-24849","post","type-post","status-publish","format-standard","hentry","category-noticias"],"yoast_head":"<!-- This site is optimized with the Yoast SEO plugin v27.5 - https:\/\/yoast.com\/product\/yoast-seo-wordpress\/ -->\n<title>Celebraci\u00f3n de la jubilaci\u00f3n de Darrell Richardson - Thomas &amp; Hutton<\/title>\n<meta name=\"robots\" content=\"index, follow, max-snippet:-1, max-image-preview:large, max-video-preview:-1\" \/>\n<link rel=\"canonical\" href=\"https:\/\/www.thomasandhutton.com\/es\/2022\/07\/13\/celebracion-de-la-jubilacion-de-darrell-richardson\/\" \/>\n<meta property=\"og:locale\" content=\"es_ES\" \/>\n<meta property=\"og:type\" content=\"article\" \/>\n<meta property=\"og:title\" content=\"Celebraci\u00f3n de la jubilaci\u00f3n de Darrell Richardson - Thomas &amp; Hutton\" \/>\n<meta property=\"og:description\" content=\"La oficina de Buford celebr\u00f3 la jubilaci\u00f3n de Darrell Richardson el 10\/06 con una cena y un concierto en uno de sus locales favoritos, 37 Main. Darrell lleva 7 a\u00f1os en la oficina de Buford de T&amp;H (antes DPE), tras jubilarse del Departamento de Transportes\" \/>\n<meta property=\"og:url\" content=\"https:\/\/www.thomasandhutton.com\/es\/2022\/07\/13\/celebracion-de-la-jubilacion-de-darrell-richardson\/\" \/>\n<meta property=\"og:site_name\" content=\"Thomas &amp; Hutton\" \/>\n<meta property=\"article:publisher\" content=\"https:\/\/www.facebook.com\/THengineers\/\" \/>\n<meta property=\"article:published_time\" content=\"2022-07-13T18:11:06+00:00\" \/>\n<meta property=\"og:image\" content=\"https:\/\/www.thomasandhutton.com\/wp-content\/uploads\/2022\/07\/Darrell-Richardson-1-1024x768.jpg\" \/>\n<meta name=\"author\" content=\"Chelsey Falb\" \/>\n<meta name=\"twitter:card\" content=\"summary_large_image\" \/>\n<meta name=\"twitter:creator\" content=\"@thomasandhutton\" \/>\n<meta name=\"twitter:site\" content=\"@thomasandhutton\" \/>\n<meta name=\"twitter:label1\" content=\"Escrito por\" \/>\n\t<meta name=\"twitter:data1\" content=\"Chelsey Falb\" \/>\n\t<meta name=\"twitter:label2\" content=\"Tiempo de lectura\" \/>\n\t<meta name=\"twitter:data2\" content=\"1 minuto\" \/>\n<script type=\"application\/ld+json\" class=\"yoast-schema-graph\">{\"@context\":\"https:\\\/\\\/schema.org\",\"@graph\":[{\"@type\":\"Article\",\"@id\":\"https:\\\/\\\/www.thomasandhutton.com\\\/es\\\/2022\\\/07\\\/13\\\/celebracion-de-la-jubilacion-de-darrell-richardson\\\/#article\",\"isPartOf\":{\"@id\":\"https:\\\/\\\/www.thomasandhutton.com\\\/es\\\/2022\\\/07\\\/13\\\/celebracion-de-la-jubilacion-de-darrell-richardson\\\/\"},\"author\":{\"name\":\"Chelsey Falb\",\"@id\":\"https:\\\/\\\/www.thomasandhutton.com\\\/es\\\/#\\\/schema\\\/person\\\/0c064d966ca44fa0bf2eaf1c52b6c832\"},\"headline\":\"Celebraci\u00f3n de la jubilaci\u00f3n de Darrell Richardson\",\"datePublished\":\"2022-07-13T18:11:06+00:00\",\"mainEntityOfPage\":{\"@id\":\"https:\\\/\\\/www.thomasandhutton.com\\\/es\\\/2022\\\/07\\\/13\\\/celebracion-de-la-jubilacion-de-darrell-richardson\\\/\"},\"wordCount\":119,\"publisher\":{\"@id\":\"https:\\\/\\\/www.thomasandhutton.com\\\/es\\\/#organization\"},\"image\":{\"@id\":\"https:\\\/\\\/www.thomasandhutton.com\\\/es\\\/2022\\\/07\\\/13\\\/celebracion-de-la-jubilacion-de-darrell-richardson\\\/#primaryimage\"},\"thumbnailUrl\":\"https:\\\/\\\/www.thomasandhutton.com\\\/wp-content\\\/uploads\\\/2022\\\/07\\\/Darrell-Richardson-1-1024x768.jpg\",\"articleSection\":[\"Noticias\"],\"inLanguage\":\"es\"},{\"@type\":\"WebPage\",\"@id\":\"https:\\\/\\\/www.thomasandhutton.com\\\/es\\\/2022\\\/07\\\/13\\\/celebracion-de-la-jubilacion-de-darrell-richardson\\\/\",\"url\":\"https:\\\/\\\/www.thomasandhutton.com\\\/es\\\/2022\\\/07\\\/13\\\/celebracion-de-la-jubilacion-de-darrell-richardson\\\/\",\"name\":\"Celebraci\u00f3n de la jubilaci\u00f3n de Darrell Richardson - Thomas &amp; Hutton\",\"isPartOf\":{\"@id\":\"https:\\\/\\\/www.thomasandhutton.com\\\/es\\\/#website\"},\"primaryImageOfPage\":{\"@id\":\"https:\\\/\\\/www.thomasandhutton.com\\\/es\\\/2022\\\/07\\\/13\\\/celebracion-de-la-jubilacion-de-darrell-richardson\\\/#primaryimage\"},\"image\":{\"@id\":\"https:\\\/\\\/www.thomasandhutton.com\\\/es\\\/2022\\\/07\\\/13\\\/celebracion-de-la-jubilacion-de-darrell-richardson\\\/#primaryimage\"},\"thumbnailUrl\":\"https:\\\/\\\/www.thomasandhutton.com\\\/wp-content\\\/uploads\\\/2022\\\/07\\\/Darrell-Richardson-1-1024x768.jpg\",\"datePublished\":\"2022-07-13T18:11:06+00:00\",\"breadcrumb\":{\"@id\":\"https:\\\/\\\/www.thomasandhutton.com\\\/es\\\/2022\\\/07\\\/13\\\/celebracion-de-la-jubilacion-de-darrell-richardson\\\/#breadcrumb\"},\"inLanguage\":\"es\",\"potentialAction\":[{\"@type\":\"ReadAction\",\"target\":[\"https:\\\/\\\/www.thomasandhutton.com\\\/es\\\/2022\\\/07\\\/13\\\/celebracion-de-la-jubilacion-de-darrell-richardson\\\/\"]}]},{\"@type\":\"ImageObject\",\"inLanguage\":\"es\",\"@id\":\"https:\\\/\\\/www.thomasandhutton.com\\\/es\\\/2022\\\/07\\\/13\\\/celebracion-de-la-jubilacion-de-darrell-richardson\\\/#primaryimage\",\"url\":\"https:\\\/\\\/www.thomasandhutton.com\\\/wp-content\\\/uploads\\\/2022\\\/07\\\/Darrell-Richardson-1-1024x768.jpg\",\"contentUrl\":\"https:\\\/\\\/www.thomasandhutton.com\\\/wp-content\\\/uploads\\\/2022\\\/07\\\/Darrell-Richardson-1-1024x768.jpg\"},{\"@type\":\"BreadcrumbList\",\"@id\":\"https:\\\/\\\/www.thomasandhutton.com\\\/es\\\/2022\\\/07\\\/13\\\/celebracion-de-la-jubilacion-de-darrell-richardson\\\/#breadcrumb\",\"itemListElement\":[{\"@type\":\"ListItem\",\"position\":1,\"name\":\"Home\",\"item\":\"https:\\\/\\\/www.thomasandhutton.com\\\/es\\\/inicio\\\/\"},{\"@type\":\"ListItem\",\"position\":2,\"name\":\"Celebraci\u00f3n de la jubilaci\u00f3n de Darrell Richardson\"}]},{\"@type\":\"WebSite\",\"@id\":\"https:\\\/\\\/www.thomasandhutton.com\\\/es\\\/#website\",\"url\":\"https:\\\/\\\/www.thomasandhutton.com\\\/es\\\/\",\"name\":\"Thomas & Hutton\",\"description\":\"Engineering | Surveying | Landscape Architecture | GIS | Consulting\",\"publisher\":{\"@id\":\"https:\\\/\\\/www.thomasandhutton.com\\\/es\\\/#organization\"},\"potentialAction\":[{\"@type\":\"SearchAction\",\"target\":{\"@type\":\"EntryPoint\",\"urlTemplate\":\"https:\\\/\\\/www.thomasandhutton.com\\\/es\\\/?s={search_term_string}\"},\"query-input\":{\"@type\":\"PropertyValueSpecification\",\"valueRequired\":true,\"valueName\":\"search_term_string\"}}],\"inLanguage\":\"es\"},{\"@type\":\"Organization\",\"@id\":\"https:\\\/\\\/www.thomasandhutton.com\\\/es\\\/#organization\",\"name\":\"Thomas & Hutton\",\"url\":\"https:\\\/\\\/www.thomasandhutton.com\\\/es\\\/\",\"logo\":{\"@type\":\"ImageObject\",\"inLanguage\":\"es\",\"@id\":\"https:\\\/\\\/www.thomasandhutton.com\\\/es\\\/#\\\/schema\\\/logo\\\/image\\\/\",\"url\":\"https:\\\/\\\/www.thomasandhutton.com\\\/wp-content\\\/uploads\\\/2018\\\/06\\\/TH_LOGO__2.png\",\"contentUrl\":\"https:\\\/\\\/www.thomasandhutton.com\\\/wp-content\\\/uploads\\\/2018\\\/06\\\/TH_LOGO__2.png\",\"width\":141,\"height\":46,\"caption\":\"Thomas & Hutton\"},\"image\":{\"@id\":\"https:\\\/\\\/www.thomasandhutton.com\\\/es\\\/#\\\/schema\\\/logo\\\/image\\\/\"},\"sameAs\":[\"https:\\\/\\\/www.facebook.com\\\/THengineers\\\/\",\"https:\\\/\\\/x.com\\\/thomasandhutton\",\"https:\\\/\\\/www.instagram.com\\\/ThomasandHutton\\\/\",\"https:\\\/\\\/www.linkedin.com\\\/company\\\/thomas-&amp;amp;-hutton-engineering-co.\",\"https:\\\/\\\/www.youtube.com\\\/user\\\/ThomasandHutton\"]},{\"@type\":\"Person\",\"@id\":\"https:\\\/\\\/www.thomasandhutton.com\\\/es\\\/#\\\/schema\\\/person\\\/0c064d966ca44fa0bf2eaf1c52b6c832\",\"name\":\"Chelsey Falb\"}]}<\/script>\n<!-- \/ Yoast SEO plugin. -->","yoast_head_json":{"title":"Celebraci\u00f3n de la jubilaci\u00f3n de Darrell Richardson - Thomas &amp; Hutton","robots":{"index":"index","follow":"follow","max-snippet":"max-snippet:-1","max-image-preview":"max-image-preview:large","max-video-preview":"max-video-preview:-1"},"canonical":"https:\/\/www.thomasandhutton.com\/es\/2022\/07\/13\/celebracion-de-la-jubilacion-de-darrell-richardson\/","og_locale":"es_ES","og_type":"article","og_title":"Celebraci\u00f3n de la jubilaci\u00f3n de Darrell Richardson - Thomas &amp; Hutton","og_description":"La oficina de Buford celebr\u00f3 la jubilaci\u00f3n de Darrell Richardson el 10\/06 con una cena y un concierto en uno de sus locales favoritos, 37 Main. Darrell lleva 7 a\u00f1os en la oficina de Buford de T&amp;H (antes DPE), tras jubilarse del Departamento de Transportes","og_url":"https:\/\/www.thomasandhutton.com\/es\/2022\/07\/13\/celebracion-de-la-jubilacion-de-darrell-richardson\/","og_site_name":"Thomas &amp; Hutton","article_publisher":"https:\/\/www.facebook.com\/THengineers\/","article_published_time":"2022-07-13T18:11:06+00:00","og_image":[{"url":"https:\/\/www.thomasandhutton.com\/wp-content\/uploads\/2022\/07\/Darrell-Richardson-1-1024x768.jpg","type":"","width":"","height":""}],"author":"Chelsey Falb","twitter_card":"summary_large_image","twitter_creator":"@thomasandhutton","twitter_site":"@thomasandhutton","twitter_misc":{"Escrito por":"Chelsey Falb","Tiempo de lectura":"1 minuto"},"schema":{"@context":"https:\/\/schema.org","@graph":[{"@type":"Article","@id":"https:\/\/www.thomasandhutton.com\/es\/2022\/07\/13\/celebracion-de-la-jubilacion-de-darrell-richardson\/#article","isPartOf":{"@id":"https:\/\/www.thomasandhutton.com\/es\/2022\/07\/13\/celebracion-de-la-jubilacion-de-darrell-richardson\/"},"author":{"name":"Chelsey Falb","@id":"https:\/\/www.thomasandhutton.com\/es\/#\/schema\/person\/0c064d966ca44fa0bf2eaf1c52b6c832"},"headline":"Celebraci\u00f3n de la jubilaci\u00f3n de Darrell Richardson","datePublished":"2022-07-13T18:11:06+00:00","mainEntityOfPage":{"@id":"https:\/\/www.thomasandhutton.com\/es\/2022\/07\/13\/celebracion-de-la-jubilacion-de-darrell-richardson\/"},"wordCount":119,"publisher":{"@id":"https:\/\/www.thomasandhutton.com\/es\/#organization"},"image":{"@id":"https:\/\/www.thomasandhutton.com\/es\/2022\/07\/13\/celebracion-de-la-jubilacion-de-darrell-richardson\/#primaryimage"},"thumbnailUrl":"https:\/\/www.thomasandhutton.com\/wp-content\/uploads\/2022\/07\/Darrell-Richardson-1-1024x768.jpg","articleSection":["Noticias"],"inLanguage":"es"},{"@type":"WebPage","@id":"https:\/\/www.thomasandhutton.com\/es\/2022\/07\/13\/celebracion-de-la-jubilacion-de-darrell-richardson\/","url":"https:\/\/www.thomasandhutton.com\/es\/2022\/07\/13\/celebracion-de-la-jubilacion-de-darrell-richardson\/","name":"Celebraci\u00f3n de la jubilaci\u00f3n de Darrell Richardson - Thomas &amp; Hutton","isPartOf":{"@id":"https:\/\/www.thomasandhutton.com\/es\/#website"},"primaryImageOfPage":{"@id":"https:\/\/www.thomasandhutton.com\/es\/2022\/07\/13\/celebracion-de-la-jubilacion-de-darrell-richardson\/#primaryimage"},"image":{"@id":"https:\/\/www.thomasandhutton.com\/es\/2022\/07\/13\/celebracion-de-la-jubilacion-de-darrell-richardson\/#primaryimage"},"thumbnailUrl":"https:\/\/www.thomasandhutton.com\/wp-content\/uploads\/2022\/07\/Darrell-Richardson-1-1024x768.jpg","datePublished":"2022-07-13T18:11:06+00:00","breadcrumb":{"@id":"https:\/\/www.thomasandhutton.com\/es\/2022\/07\/13\/celebracion-de-la-jubilacion-de-darrell-richardson\/#breadcrumb"},"inLanguage":"es","potentialAction":[{"@type":"ReadAction","target":["https:\/\/www.thomasandhutton.com\/es\/2022\/07\/13\/celebracion-de-la-jubilacion-de-darrell-richardson\/"]}]},{"@type":"ImageObject","inLanguage":"es","@id":"https:\/\/www.thomasandhutton.com\/es\/2022\/07\/13\/celebracion-de-la-jubilacion-de-darrell-richardson\/#primaryimage","url":"https:\/\/www.thomasandhutton.com\/wp-content\/uploads\/2022\/07\/Darrell-Richardson-1-1024x768.jpg","contentUrl":"https:\/\/www.thomasandhutton.com\/wp-content\/uploads\/2022\/07\/Darrell-Richardson-1-1024x768.jpg"},{"@type":"BreadcrumbList","@id":"https:\/\/www.thomasandhutton.com\/es\/2022\/07\/13\/celebracion-de-la-jubilacion-de-darrell-richardson\/#breadcrumb","itemListElement":[{"@type":"ListItem","position":1,"name":"Home","item":"https:\/\/www.thomasandhutton.com\/es\/inicio\/"},{"@type":"ListItem","position":2,"name":"Celebraci\u00f3n de la jubilaci\u00f3n de Darrell Richardson"}]},{"@type":"WebSite","@id":"https:\/\/www.thomasandhutton.com\/es\/#website","url":"https:\/\/www.thomasandhutton.com\/es\/","name":"Thomas & Hutton","description":"Engineering | Surveying | Landscape Architecture | GIS | Consulting","publisher":{"@id":"https:\/\/www.thomasandhutton.com\/es\/#organization"},"potentialAction":[{"@type":"SearchAction","target":{"@type":"EntryPoint","urlTemplate":"https:\/\/www.thomasandhutton.com\/es\/?s={search_term_string}"},"query-input":{"@type":"PropertyValueSpecification","valueRequired":true,"valueName":"search_term_string"}}],"inLanguage":"es"},{"@type":"Organization","@id":"https:\/\/www.thomasandhutton.com\/es\/#organization","name":"Thomas & Hutton","url":"https:\/\/www.thomasandhutton.com\/es\/","logo":{"@type":"ImageObject","inLanguage":"es","@id":"https:\/\/www.thomasandhutton.com\/es\/#\/schema\/logo\/image\/","url":"https:\/\/www.thomasandhutton.com\/wp-content\/uploads\/2018\/06\/TH_LOGO__2.png","contentUrl":"https:\/\/www.thomasandhutton.com\/wp-content\/uploads\/2018\/06\/TH_LOGO__2.png","width":141,"height":46,"caption":"Thomas & Hutton"},"image":{"@id":"https:\/\/www.thomasandhutton.com\/es\/#\/schema\/logo\/image\/"},"sameAs":["https:\/\/www.facebook.com\/THengineers\/","https:\/\/x.com\/thomasandhutton","https:\/\/www.instagram.com\/ThomasandHutton\/","https:\/\/www.linkedin.com\/company\/thomas-&amp;amp;-hutton-engineering-co.","https:\/\/www.youtube.com\/user\/ThomasandHutton"]},{"@type":"Person","@id":"https:\/\/www.thomasandhutton.com\/es\/#\/schema\/person\/0c064d966ca44fa0bf2eaf1c52b6c832","name":"Chelsey Falb"}]}},"_links":{"self":[{"href":"https:\/\/www.thomasandhutton.com\/es\/wp-json\/wp\/v2\/posts\/24849","targetHints":{"allow":["GET"]}}],"collection":[{"href":"https:\/\/www.thomasandhutton.com\/es\/wp-json\/wp\/v2\/posts"}],"about":[{"href":"https:\/\/www.thomasandhutton.com\/es\/wp-json\/wp\/v2\/types\/post"}],"author":[{"embeddable":true,"href":"https:\/\/www.thomasandhutton.com\/es\/wp-json\/wp\/v2\/users\/8"}],"replies":[{"embeddable":true,"href":"https:\/\/www.thomasandhutton.com\/es\/wp-json\/wp\/v2\/comments?post=24849"}],"version-history":[{"count":0,"href":"https:\/\/www.thomasandhutton.com\/es\/wp-json\/wp\/v2\/posts\/24849\/revisions"}],"wp:attachment":[{"href":"https:\/\/www.thomasandhutton.com\/es\/wp-json\/wp\/v2\/media?parent=24849"}],"wp:term":[{"taxonomy":"category","embeddable":true,"href":"https:\/\/www.thomasandhutton.com\/es\/wp-json\/wp\/v2\/categories?post=24849"},{"taxonomy":"post_tag","embeddable":true,"href":"https:\/\/www.thomasandhutton.com\/es\/wp-json\/wp\/v2\/tags?post=24849"}],"curies":[{"name":"wp","href":"https:\/\/api.w.org\/{rel}","templated":true}]}}